{"id":733,"date":"2024-02-19T13:26:45","date_gmt":"2024-02-19T12:26:45","guid":{"rendered":"https:\/\/wiercenia.org\/web\/?p=733"},"modified":"2024-07-08T17:45:50","modified_gmt":"2024-07-08T15:45:50","slug":"na-rynku","status":"publish","type":"post","link":"https:\/\/wiercenia.org\/web\/2024\/02\/19\/na-rynku\/","title":{"rendered":"Specjal Wiert"},"content":{"rendered":"<p>Na rynku wyr\u00f3\u017cnia nas fakt, \u017ce wiercimy studnie o du\u017cych \u015brednicach, co pozwala nam stosowa\u0107 szerokie rury. Dzi\u0119ki temu nasze studnie charakteryzuj\u0105 si\u0119 du\u017c\u0105 \u015brednic\u0105 otwor\u00f3w. Specjalizujemy si\u0119 w profesjonalnym wierceniu studni g\u0142\u0119binowych, zapewniaj\u0105c solidno\u015b\u0107 wykonania i najwy\u017csz\u0105 jako\u015b\u0107 us\u0142ug.<\/p>\n","protected":false},"excerpt":{"rendered":"<p>Na rynku wyr\u00f3\u017cnia nas fakt, \u017ce wiercimy studnie o du\u017cych \u015brednicach, co pozwala nam stosowa\u0107 szerokie rury. Dzi\u0119ki temu nasze studnie charakteryzuj\u0105 si\u0119 du\u017c\u0105 \u015brednic\u0105 otwor\u00f3w. Specjalizujemy si\u0119 w profesjonalnym wierceniu studni g\u0142\u0119binowych, zapewniaj\u0105c solidno\u015b\u0107 wykonania i najwy\u017csz\u0105 jako\u015b\u0107 us\u0142ug.<\/p>\n","protected":false},"author":1,"featured_media":734,"comment_status":"closed","ping_status":"closed","sticky":false,"template":"","format":"standard","meta":{"om_disable_all_campaigns":false,"_monsterinsights_skip_tracking":false,"_monsterinsights_sitenote_active":false,"_monsterinsights_sitenote_note":"","_monsterinsights_sitenote_category":0,"_uf_show_specific_survey":0,"_uf_disable_surveys":false,"footnotes":""},"categories":[1],"tags":[3],"class_list":["post-733","post","type-post","status-publish","format-standard","has-post-thumbnail","hentry","category-bez-kategorii","tag-studnie-glebinowe"],"aioseo_notices":[],"_links":{"self":[{"href":"https:\/\/wiercenia.org\/web\/wp-json\/wp\/v2\/posts\/733","targetHints":{"allow":["GET"]}}],"collection":[{"href":"https:\/\/wiercenia.org\/web\/wp-json\/wp\/v2\/posts"}],"about":[{"href":"https:\/\/wiercenia.org\/web\/wp-json\/wp\/v2\/types\/post"}],"author":[{"embeddable":true,"href":"https:\/\/wiercenia.org\/web\/wp-json\/wp\/v2\/users\/1"}],"replies":[{"embeddable":true,"href":"https:\/\/wiercenia.org\/web\/wp-json\/wp\/v2\/comments?post=733"}],"version-history":[{"count":2,"href":"https:\/\/wiercenia.org\/web\/wp-json\/wp\/v2\/posts\/733\/revisions"}],"predecessor-version":[{"id":742,"href":"https:\/\/wiercenia.org\/web\/wp-json\/wp\/v2\/posts\/733\/revisions\/742"}],"wp:featuredmedia":[{"embeddable":true,"href":"https:\/\/wiercenia.org\/web\/wp-json\/wp\/v2\/media\/734"}],"wp:attachment":[{"href":"https:\/\/wiercenia.org\/web\/wp-json\/wp\/v2\/media?parent=733"}],"wp:term":[{"taxonomy":"category","embeddable":true,"href":"https:\/\/wiercenia.org\/web\/wp-json\/wp\/v2\/categories?post=733"},{"taxonomy":"post_tag","embeddable":true,"href":"https:\/\/wiercenia.org\/web\/wp-json\/wp\/v2\/tags?post=733"}],"curies":[{"name":"wp","href":"https:\/\/api.w.org\/{rel}","templated":true}]}}