{"id":736,"date":"2024-02-19T13:28:40","date_gmt":"2024-02-19T12:28:40","guid":{"rendered":"https:\/\/wiercenia.org\/web\/?p=736"},"modified":"2024-07-08T17:34:58","modified_gmt":"2024-07-08T15:34:58","slug":"niezaleznosc-od-miejskich-zrodel-wody","status":"publish","type":"post","link":"https:\/\/wiercenia.org\/web\/2024\/02\/19\/niezaleznosc-od-miejskich-zrodel-wody\/","title":{"rendered":"Niezale\u017cno\u015b\u0107 od Miejskich \u0179r\u00f3de\u0142 Wody"},"content":{"rendered":"<div dir=\"auto\">Posiadanie w\u0142asnej studni daje pe\u0142n\u0105 kontrol\u0119 nad dostaw\u0105 wody, eliminuj\u0105c zale\u017cno\u015b\u0107 od miejskich \u017ar\u00f3de\u0142. Nie musisz si\u0119 obawia\u0107 przerw w dostawie wody czy gwa\u0142townych podwy\u017cek op\u0142at za us\u0142ugi wodoci\u0105gowe.<\/div>\n","protected":false},"excerpt":{"rendered":"<p>Posiadanie w\u0142asnej studni daje pe\u0142n\u0105 kontrol\u0119 nad dostaw\u0105 wody, eliminuj\u0105c zale\u017cno\u015b\u0107 od miejskich \u017ar\u00f3de\u0142. Nie musisz si\u0119 obawia\u0107 przerw w dostawie wody czy gwa\u0142townych podwy\u017cek op\u0142at za us\u0142ugi wodoci\u0105gowe.<\/p>\n","protected":false},"author":1,"featured_media":737,"comment_status":"closed","ping_status":"closed","sticky":false,"template":"","format":"standard","meta":{"om_disable_all_campaigns":false,"_monsterinsights_skip_tracking":false,"_monsterinsights_sitenote_active":false,"_monsterinsights_sitenote_note":"","_monsterinsights_sitenote_category":0,"_uf_show_specific_survey":0,"_uf_disable_surveys":false,"footnotes":""},"categories":[1],"tags":[3],"class_list":["post-736","post","type-post","status-publish","format-standard","has-post-thumbnail","hentry","category-bez-kategorii","tag-studnie-glebinowe"],"aioseo_notices":[],"_links":{"self":[{"href":"https:\/\/wiercenia.org\/web\/wp-json\/wp\/v2\/posts\/736","targetHints":{"allow":["GET"]}}],"collection":[{"href":"https:\/\/wiercenia.org\/web\/wp-json\/wp\/v2\/posts"}],"about":[{"href":"https:\/\/wiercenia.org\/web\/wp-json\/wp\/v2\/types\/post"}],"author":[{"embeddable":true,"href":"https:\/\/wiercenia.org\/web\/wp-json\/wp\/v2\/users\/1"}],"replies":[{"embeddable":true,"href":"https:\/\/wiercenia.org\/web\/wp-json\/wp\/v2\/comments?post=736"}],"version-history":[{"count":3,"href":"https:\/\/wiercenia.org\/web\/wp-json\/wp\/v2\/posts\/736\/revisions"}],"predecessor-version":[{"id":2117,"href":"https:\/\/wiercenia.org\/web\/wp-json\/wp\/v2\/posts\/736\/revisions\/2117"}],"wp:featuredmedia":[{"embeddable":true,"href":"https:\/\/wiercenia.org\/web\/wp-json\/wp\/v2\/media\/737"}],"wp:attachment":[{"href":"https:\/\/wiercenia.org\/web\/wp-json\/wp\/v2\/media?parent=736"}],"wp:term":[{"taxonomy":"category","embeddable":true,"href":"https:\/\/wiercenia.org\/web\/wp-json\/wp\/v2\/categories?post=736"},{"taxonomy":"post_tag","embeddable":true,"href":"https:\/\/wiercenia.org\/web\/wp-json\/wp\/v2\/tags?post=736"}],"curies":[{"name":"wp","href":"https:\/\/api.w.org\/{rel}","templated":true}]}}