{"id":753,"date":"2024-02-19T13:35:41","date_gmt":"2024-02-19T12:35:41","guid":{"rendered":"https:\/\/wiercenia.org\/web\/?p=753"},"modified":"2024-07-08T17:34:07","modified_gmt":"2024-07-08T15:34:07","slug":"zrownowazony-wybor-dla-srodowiska","status":"publish","type":"post","link":"https:\/\/wiercenia.org\/web\/2024\/02\/19\/zrownowazony-wybor-dla-srodowiska\/","title":{"rendered":"Zr\u00f3wnowa\u017cony Wyb\u00f3r dla \u015arodowiska"},"content":{"rendered":"<p>Inwestycja w studni\u0119 g\u0142\u0119binow\u0105 wpisuje si\u0119 w ide\u0119 zr\u00f3wnowa\u017conego rozwoju, przyczyniaj\u0105c si\u0119 do obni\u017cenia zu\u017cycia wody miejskiej oraz ograniczenia wp\u0142ywu na zasoby wodne. Jest to \u015bwiadomy wyb\u00f3r, kt\u00f3ry wspiera ochron\u0119 \u015brodowiska, minimalizuje nasz \u015blad ekologiczny i stanowi aktywny krok w kierunku dba\u0142o\u015bci o nasze naturalne zasoby wodne.<\/p>\n","protected":false},"excerpt":{"rendered":"<p>Inwestycja w studni\u0119 g\u0142\u0119binow\u0105 wpisuje si\u0119 w ide\u0119 zr\u00f3wnowa\u017conego rozwoju, przyczyniaj\u0105c si\u0119 do obni\u017cenia zu\u017cycia wody miejskiej oraz ograniczenia wp\u0142ywu na zasoby wodne. Jest to \u015bwiadomy wyb\u00f3r, kt\u00f3ry wspiera ochron\u0119 \u015brodowiska, minimalizuje nasz \u015blad ekologiczny i stanowi aktywny krok w kierunku dba\u0142o\u015bci o nasze naturalne zasoby wodne.<\/p>\n","protected":false},"author":1,"featured_media":764,"comment_status":"closed","ping_status":"closed","sticky":false,"template":"","format":"standard","meta":{"om_disable_all_campaigns":false,"_monsterinsights_skip_tracking":false,"_monsterinsights_sitenote_active":false,"_monsterinsights_sitenote_note":"","_monsterinsights_sitenote_category":0,"_uf_show_specific_survey":0,"_uf_disable_surveys":false,"footnotes":""},"categories":[1],"tags":[3],"class_list":["post-753","post","type-post","status-publish","format-standard","has-post-thumbnail","hentry","category-bez-kategorii","tag-studnie-glebinowe"],"aioseo_notices":[],"_links":{"self":[{"href":"https:\/\/wiercenia.org\/web\/wp-json\/wp\/v2\/posts\/753","targetHints":{"allow":["GET"]}}],"collection":[{"href":"https:\/\/wiercenia.org\/web\/wp-json\/wp\/v2\/posts"}],"about":[{"href":"https:\/\/wiercenia.org\/web\/wp-json\/wp\/v2\/types\/post"}],"author":[{"embeddable":true,"href":"https:\/\/wiercenia.org\/web\/wp-json\/wp\/v2\/users\/1"}],"replies":[{"embeddable":true,"href":"https:\/\/wiercenia.org\/web\/wp-json\/wp\/v2\/comments?post=753"}],"version-history":[{"count":1,"href":"https:\/\/wiercenia.org\/web\/wp-json\/wp\/v2\/posts\/753\/revisions"}],"predecessor-version":[{"id":754,"href":"https:\/\/wiercenia.org\/web\/wp-json\/wp\/v2\/posts\/753\/revisions\/754"}],"wp:featuredmedia":[{"embeddable":true,"href":"https:\/\/wiercenia.org\/web\/wp-json\/wp\/v2\/media\/764"}],"wp:attachment":[{"href":"https:\/\/wiercenia.org\/web\/wp-json\/wp\/v2\/media?parent=753"}],"wp:term":[{"taxonomy":"category","embeddable":true,"href":"https:\/\/wiercenia.org\/web\/wp-json\/wp\/v2\/categories?post=753"},{"taxonomy":"post_tag","embeddable":true,"href":"https:\/\/wiercenia.org\/web\/wp-json\/wp\/v2\/tags?post=753"}],"curies":[{"name":"wp","href":"https:\/\/api.w.org\/{rel}","templated":true}]}}